{"id":3808,"date":"2023-09-20T16:05:14","date_gmt":"2023-09-20T14:05:14","guid":{"rendered":"http:\/\/wp1.com\/?p=3808"},"modified":"2025-11-28T09:22:13","modified_gmt":"2025-11-28T08:22:13","slug":"3808","status":"publish","type":"post","link":"https:\/\/www.nnteam.de\/?p=3808","title":{"rendered":"Heute kochen wir Idli"},"content":{"rendered":"\n<h3 class=\"wp-block-heading\">Heute kochen wir Idli \ud83d\ude42<\/h3>\n\n\n\n<p class=\"wp-block-paragraph\">Idli &#8211; das sind ged\u00e4mpfte Reis\/Linsenk\u00fcchlein, die es in S\u00fcdindien mit scharfen So\u00dfen zum Fr\u00fchst\u00fcck gibt. <a href=\"https:\/\/randi-ev.de\/\" target=\"_blank\" rel=\"noreferrer noopener\">Bei unseren Besuchen<\/a> bei <a href=\"https:\/\/www.cardsinternational.org\/\" target=\"_blank\" rel=\"noreferrer noopener\">CARDS<\/a> in Guntur und im <a href=\"http:\/\/www.cgcindia.org\/index.html\" target=\"_blank\" rel=\"noreferrer noopener\">Child Guidance Center<\/a> in Hyderabad werden wir mit Idlis verw\u00f6hnt. Ich liebe Idli \ud83d\ude42<\/p>\n\n\n\n<!--more-->\n\n\n\n<p class=\"wp-block-paragraph\"><br>\u00dcbrigens: Die Inder behaupten, dass Idlis zu den ges\u00fcndesten Lebensmitteln der Welt geh\u00f6ren! Ganz aus der Welt ist diese Behauptung wohl nicht, wie der <a href=\"https:\/\/www.spektrum.de\/news\/fermentieren-fuer-die-darmgesundheit\/1796621?utm_medium=newsletter&amp;utm_source=sdw-nl&amp;utm_campaign=sdw-nl-daily&amp;utm_content=heute\" target=\"_blank\" rel=\"noreferrer noopener\">Artikel aus &#8218;Spektrum der Wissenschaft&#8216;<\/a> zeigt.<\/p>\n\n\n\n<p class=\"wp-block-paragraph\">Die traditionelle Herstellung nimmt etwas Zeit in Anspruch &#8211; und etwas Gl\u00fcck braucht man auch, denn das Geheimnis des wahren Idlis beruht auf einer nat\u00fcrlichen S\u00e4uerung\/G\u00e4rung des Teiges, was leider nicht immer gelingt.<\/p>\n\n\n\n<p class=\"wp-block-paragraph\">Zur spontanen nat\u00fcrlichen G\u00e4rung gibt es Alternativen. Instant Idli kann man mit Backpulver und Jogurt herstellen (die Inder sagen &#8218;ENO&#8216; und &#8218;Sour Curd&#8216;. Eno ist ein Handelsname; die \u00dcbersetzung f\u00fcr &#8218;Sour Curd&#8216; ist leider nicht eindeutig. Sauermilch, Buttermilch, Quark und Jogurt habe ich gefunden). Zweimal habe ich von Inderinnen den Tipp bekommen Hefe zu verwenden.<\/p>\n\n\n\n<p class=\"wp-block-paragraph\"><strong>Zutaten f\u00fcr Idli<\/strong>: Reis und Linsen (Dal)<\/p>\n\n\n\n<figure class=\"wp-block-gallery has-nested-images columns-default is-cropped wp-block-gallery-1 is-layout-flex wp-block-gallery-is-layout-flex\">\n<figure class=\"wp-block-image size-large\"><img loading=\"lazy\" decoding=\"async\" width=\"768\" height=\"1024\" data-id=\"497\" src=\"https:\/\/www.nnteam.de\/wp-content\/uploads\/kochen\/20201116_164416-1-768x1024.jpg\" alt=\"\" class=\"wp-image-497\" srcset=\"https:\/\/www.nnteam.de\/wp-content\/uploads\/kochen\/20201116_164416-1-768x1024.jpg 768w, https:\/\/www.nnteam.de\/wp-content\/uploads\/kochen\/20201116_164416-1-225x300.jpg 225w, https:\/\/www.nnteam.de\/wp-content\/uploads\/kochen\/20201116_164416-1-1152x1536.jpg 1152w, https:\/\/www.nnteam.de\/wp-content\/uploads\/kochen\/20201116_164416-1-1536x2048.jpg 1536w, https:\/\/www.nnteam.de\/wp-content\/uploads\/kochen\/20201116_164416-1-1200x1600.jpg 1200w, https:\/\/www.nnteam.de\/wp-content\/uploads\/kochen\/20201116_164416-1-1980x2640.jpg 1980w, https:\/\/www.nnteam.de\/wp-content\/uploads\/kochen\/20201116_164416-1-scaled.jpg 1920w\" sizes=\"auto, (max-width: 768px) 100vw, 768px\" \/><figcaption class=\"wp-element-caption\">Eine Tasse Urid Dal<\/figcaption><\/figure>\n\n\n\n<figure class=\"wp-block-image size-large\"><img loading=\"lazy\" decoding=\"async\" width=\"768\" height=\"1024\" data-id=\"498\" src=\"https:\/\/www.nnteam.de\/wp-content\/uploads\/kochen\/20201116_164539-1-768x1024.jpg\" alt=\"\" class=\"wp-image-498\" srcset=\"https:\/\/www.nnteam.de\/wp-content\/uploads\/kochen\/20201116_164539-1-768x1024.jpg 768w, https:\/\/www.nnteam.de\/wp-content\/uploads\/kochen\/20201116_164539-1-225x300.jpg 225w, https:\/\/www.nnteam.de\/wp-content\/uploads\/kochen\/20201116_164539-1-1152x1536.jpg 1152w, https:\/\/www.nnteam.de\/wp-content\/uploads\/kochen\/20201116_164539-1-1536x2048.jpg 1536w, https:\/\/www.nnteam.de\/wp-content\/uploads\/kochen\/20201116_164539-1-1200x1600.jpg 1200w, https:\/\/www.nnteam.de\/wp-content\/uploads\/kochen\/20201116_164539-1-1980x2640.jpg 1980w, https:\/\/www.nnteam.de\/wp-content\/uploads\/kochen\/20201116_164539-1-scaled.jpg 1920w\" sizes=\"auto, (max-width: 768px) 100vw, 768px\" \/><figcaption class=\"wp-element-caption\">2 &#8211; 3 Tassen Reis<\/figcaption><\/figure>\n<\/figure>\n\n\n\n<p class=\"wp-block-paragraph\">Urid Dal und Reis werden 5 bis 6 Stunden (\u00fcber Nacht) in Wasser eingeweicht<\/p>\n\n\n\n<figure class=\"wp-block-image size-large\"><img loading=\"lazy\" decoding=\"async\" width=\"1024\" height=\"768\" src=\"https:\/\/www.nnteam.de\/wp-content\/uploads\/kochen\/20201116_185137-1024x768.jpg\" alt=\"Dal und Reis quellen\" class=\"wp-image-332\" srcset=\"https:\/\/www.nnteam.de\/wp-content\/uploads\/kochen\/20201116_185137-1024x768.jpg 1024w, https:\/\/www.nnteam.de\/wp-content\/uploads\/kochen\/20201116_185137-300x225.jpg 300w, https:\/\/www.nnteam.de\/wp-content\/uploads\/kochen\/20201116_185137-768x576.jpg 768w, https:\/\/www.nnteam.de\/wp-content\/uploads\/kochen\/20201116_185137-1536x1152.jpg 1536w, https:\/\/www.nnteam.de\/wp-content\/uploads\/kochen\/20201116_185137-2048x1536.jpg 2048w\" sizes=\"auto, (max-width: 1024px) 100vw, 1024px\" \/><figcaption class=\"wp-element-caption\">Dal und Reis quellen<\/figcaption><\/figure>\n\n\n\n<h5 class=\"wp-block-heading\">Tag 2<\/h5>\n\n\n\n<p class=\"wp-block-paragraph\">Mein Reis und Dal haben genug eingeweicht. Eigentlich reichen 5 &#8211; 6 Stunden. Bei mir waren es jetzt 24 Stunden<\/p>\n\n\n\n<figure class=\"wp-block-image size-large\"><img loading=\"lazy\" decoding=\"async\" width=\"768\" height=\"1024\" src=\"https:\/\/www.nnteam.de\/wp-content\/uploads\/kochen\/20201117_182142-768x1024.jpg\" alt=\"Dal+Reis mixen\" class=\"wp-image-350\" srcset=\"https:\/\/www.nnteam.de\/wp-content\/uploads\/kochen\/20201117_182142-768x1024.jpg 768w, https:\/\/www.nnteam.de\/wp-content\/uploads\/kochen\/20201117_182142-225x300.jpg 225w, https:\/\/www.nnteam.de\/wp-content\/uploads\/kochen\/20201117_182142-1152x1536.jpg 1152w, https:\/\/www.nnteam.de\/wp-content\/uploads\/kochen\/20201117_182142-1536x2048.jpg 1536w, https:\/\/www.nnteam.de\/wp-content\/uploads\/kochen\/20201117_182142-scaled.jpg 1920w\" sizes=\"auto, (max-width: 768px) 100vw, 768px\" \/><figcaption class=\"wp-element-caption\">Dal und Reis f\u00fcrs Mixen<\/figcaption><\/figure>\n\n\n\n<p class=\"wp-block-paragraph\">Im Mixer (oder &#8218;mixie&#8216; wie der Inder sagt \ud83d\ude09 ) werden Reis uns Dal nacheinander gr\u00fcndlich zerkleinert. Der Teig (batter) sollte nicht zu fest und nicht zu fl\u00fcssig sein. Der Teig soll z\u00e4hfl\u00fcssig in V-Form vom L\u00f6ffel flie\u00dfen. <a rel=\"noreferrer noopener\" href=\"https:\/\/www.youtube.com\/watch?v=vsA6t0UesI8\" target=\"_blank\">Hier, ab Minute 4<\/a> kannst du das sehen!<\/p>\n\n\n\n<figure class=\"wp-block-image size-large\"><img loading=\"lazy\" decoding=\"async\" width=\"1024\" height=\"768\" src=\"https:\/\/www.nnteam.de\/wp-content\/uploads\/kochen\/20201117_183439-1024x768.jpg\" alt=\"Dal mixen\" class=\"wp-image-353\" srcset=\"https:\/\/www.nnteam.de\/wp-content\/uploads\/kochen\/20201117_183439-1024x768.jpg 1024w, https:\/\/www.nnteam.de\/wp-content\/uploads\/kochen\/20201117_183439-300x225.jpg 300w, https:\/\/www.nnteam.de\/wp-content\/uploads\/kochen\/20201117_183439-768x576.jpg 768w, https:\/\/www.nnteam.de\/wp-content\/uploads\/kochen\/20201117_183439-1536x1152.jpg 1536w, https:\/\/www.nnteam.de\/wp-content\/uploads\/kochen\/20201117_183439-2048x1536.jpg 2048w\" sizes=\"auto, (max-width: 1024px) 100vw, 1024px\" \/><\/figure>\n\n\n\n<p class=\"wp-block-paragraph\">Dal- und Reisbrei werden in einer gro\u00dfen Sch\u00fcssel zusammen mit Salz (&#8218;to taste&#8216; wie es in den Rezepten immer hei\u00dft) gut verr\u00fchrt. <br>(Auf jeden Fall habe ich schon wieder zu viel Teig gemacht).<\/p>\n\n\n\n<figure class=\"wp-block-image size-large\"><img loading=\"lazy\" decoding=\"async\" width=\"768\" height=\"1024\" src=\"https:\/\/www.nnteam.de\/wp-content\/uploads\/kochen\/20201117_183811-768x1024.jpg\" alt=\"Idlibatter\" class=\"wp-image-354\" srcset=\"https:\/\/www.nnteam.de\/wp-content\/uploads\/kochen\/20201117_183811-768x1024.jpg 768w, https:\/\/www.nnteam.de\/wp-content\/uploads\/kochen\/20201117_183811-225x300.jpg 225w, https:\/\/www.nnteam.de\/wp-content\/uploads\/kochen\/20201117_183811-1152x1536.jpg 1152w, https:\/\/www.nnteam.de\/wp-content\/uploads\/kochen\/20201117_183811-1536x2048.jpg 1536w, https:\/\/www.nnteam.de\/wp-content\/uploads\/kochen\/20201117_183811-scaled.jpg 1920w\" sizes=\"auto, (max-width: 768px) 100vw, 768px\" \/><\/figure>\n\n\n\n<p class=\"wp-block-paragraph\">Wenn alles gut geht (!) ist die Sch\u00fcssel morgen voll von Idlibatter. Sollte der Teig l\u00e4nger brauchen gibt es morgen zum Fr\u00fchst\u00fcck <a href=\"https:\/\/www.ebay.de\/itm\/MTR-Masala-Idli-Backmischung-fuer-wuerzige-WeizenKuchen-500g-mix-for-spicy-Wheat-\/402136479415\" data-type=\"URL\" target=\"_blank\" rel=\"noreferrer noopener\">instant Masala Idli<\/a>. (Inhalt) Leider hat mir die Dame im Asia-Shop nur die (Weizen-)Gries-Idli mitgebracht, keine Reis-Idlis. Die schmecken aber auch ganz gut. Man r\u00fchrt das Pulver einfach mit der gleichen Menge &#8217;sour curd&#8216; an (ich nehme halt Jogurt) und d\u00e4mpft dann den Teig.<\/p>\n\n\n\n<p class=\"wp-block-paragraph\">Der Teig braucht jetzt Ruhe &#8211; ich auch. Wie es weiter geht erfahrt ihr morgen \ud83d\ude09<\/p>\n\n\n\n<h4 class=\"wp-block-heading\">Tag 3<\/h4>\n\n\n\n<p class=\"wp-block-paragraph\">Der Teig stand ungef\u00e4hr 24 Stunden im Backofen. Ich habe den Backofen auf ca. 30 Grad erw\u00e4rmt, dann die Heizung ausgeschaltet und nur noch die Backofen-Lampe angelassen. Jetzt ist der Teig sch\u00f6n fermentiert und aufgegangen.<\/p>\n\n\n\n<figure class=\"wp-block-image size-large\"><img loading=\"lazy\" decoding=\"async\" width=\"768\" height=\"1024\" src=\"https:\/\/www.nnteam.de\/wp-content\/uploads\/kochen\/IMG_20201129_072446-768x1024.jpg\" alt=\"\" class=\"wp-image-504\" srcset=\"https:\/\/www.nnteam.de\/wp-content\/uploads\/kochen\/IMG_20201129_072446-768x1024.jpg 768w, https:\/\/www.nnteam.de\/wp-content\/uploads\/kochen\/IMG_20201129_072446-225x300.jpg 225w, https:\/\/www.nnteam.de\/wp-content\/uploads\/kochen\/IMG_20201129_072446-1152x1536.jpg 1152w, https:\/\/www.nnteam.de\/wp-content\/uploads\/kochen\/IMG_20201129_072446-1536x2048.jpg 1536w, https:\/\/www.nnteam.de\/wp-content\/uploads\/kochen\/IMG_20201129_072446-1200x1600.jpg 1200w, https:\/\/www.nnteam.de\/wp-content\/uploads\/kochen\/IMG_20201129_072446-1980x2640.jpg 1980w, https:\/\/www.nnteam.de\/wp-content\/uploads\/kochen\/IMG_20201129_072446-scaled.jpg 1920w\" sizes=\"auto, (max-width: 768px) 100vw, 768px\" \/><\/figure>\n\n\n\n<h4 class=\"wp-block-heading\">Heute gibt es Idli zum Fr\u00fchst\u00fcck!<\/h4>\n\n\n\n<figure class=\"wp-block-gallery has-nested-images columns-default is-cropped wp-block-gallery-2 is-layout-flex wp-block-gallery-is-layout-flex\">\n<figure class=\"wp-block-image size-large\"><img loading=\"lazy\" decoding=\"async\" width=\"1024\" height=\"768\" data-id=\"505\" src=\"https:\/\/www.nnteam.de\/wp-content\/uploads\/kochen\/IMG_20201129_072617-1024x768.jpg\" alt=\"\" class=\"wp-image-505\" srcset=\"https:\/\/www.nnteam.de\/wp-content\/uploads\/kochen\/IMG_20201129_072617-1024x768.jpg 1024w, https:\/\/www.nnteam.de\/wp-content\/uploads\/kochen\/IMG_20201129_072617-300x225.jpg 300w, https:\/\/www.nnteam.de\/wp-content\/uploads\/kochen\/IMG_20201129_072617-768x576.jpg 768w, https:\/\/www.nnteam.de\/wp-content\/uploads\/kochen\/IMG_20201129_072617-1536x1152.jpg 1536w, https:\/\/www.nnteam.de\/wp-content\/uploads\/kochen\/IMG_20201129_072617-2048x1536.jpg 2048w, https:\/\/www.nnteam.de\/wp-content\/uploads\/kochen\/IMG_20201129_072617-1200x900.jpg 1200w, https:\/\/www.nnteam.de\/wp-content\/uploads\/kochen\/IMG_20201129_072617-1980x1485.jpg 1980w\" sizes=\"auto, (max-width: 1024px) 100vw, 1024px\" \/><\/figure>\n<\/figure>\n\n\n\n<figure class=\"wp-block-gallery has-nested-images columns-default is-cropped wp-block-gallery-3 is-layout-flex wp-block-gallery-is-layout-flex\">\n<figure class=\"wp-block-image size-large\"><img loading=\"lazy\" decoding=\"async\" width=\"1024\" height=\"768\" data-id=\"506\" src=\"https:\/\/www.nnteam.de\/wp-content\/uploads\/kochen\/IMG_20201129_072625-1024x768.jpg\" alt=\"\" class=\"wp-image-506\" srcset=\"https:\/\/www.nnteam.de\/wp-content\/uploads\/kochen\/IMG_20201129_072625-1024x768.jpg 1024w, https:\/\/www.nnteam.de\/wp-content\/uploads\/kochen\/IMG_20201129_072625-300x225.jpg 300w, https:\/\/www.nnteam.de\/wp-content\/uploads\/kochen\/IMG_20201129_072625-768x576.jpg 768w, https:\/\/www.nnteam.de\/wp-content\/uploads\/kochen\/IMG_20201129_072625-1536x1152.jpg 1536w, https:\/\/www.nnteam.de\/wp-content\/uploads\/kochen\/IMG_20201129_072625-2048x1536.jpg 2048w, https:\/\/www.nnteam.de\/wp-content\/uploads\/kochen\/IMG_20201129_072625-1200x900.jpg 1200w, https:\/\/www.nnteam.de\/wp-content\/uploads\/kochen\/IMG_20201129_072625-1980x1485.jpg 1980w\" sizes=\"auto, (max-width: 1024px) 100vw, 1024px\" \/><\/figure>\n<\/figure>\n\n\n\n<p class=\"wp-block-paragraph\">Die Inderin benutz zum Kochen von Idli einen <a rel=\"noreferrer noopener\" href=\"https:\/\/www.indiamart.com\/jkstainless\/idli-maker.html\" target=\"_blank\">Idli-Steamer (hier ein Beispiel)<\/a>. Ich benutze meinen Dampfgarer. Man kann auch einen Schnellkochtopf verwenden (bitte ohne Druck!) oder einen anderen Topf mit einem Siebeinsatz. Der Idli-Teig wird einfach in Glassch\u00fcsselchen eingef\u00fcllt und ca. 15 Minuten ged\u00e4mpft.<\/p>\n\n\n\n<figure class=\"wp-block-gallery has-nested-images columns-default is-cropped wp-block-gallery-4 is-layout-flex wp-block-gallery-is-layout-flex\">\n<figure class=\"wp-block-image size-large\"><img loading=\"lazy\" decoding=\"async\" width=\"1024\" height=\"768\" data-id=\"509\" src=\"https:\/\/www.nnteam.de\/wp-content\/uploads\/kochen\/IMG_20201129_074254-1024x768.jpg\" alt=\"\" class=\"wp-image-509\" srcset=\"https:\/\/www.nnteam.de\/wp-content\/uploads\/kochen\/IMG_20201129_074254-1024x768.jpg 1024w, https:\/\/www.nnteam.de\/wp-content\/uploads\/kochen\/IMG_20201129_074254-300x225.jpg 300w, https:\/\/www.nnteam.de\/wp-content\/uploads\/kochen\/IMG_20201129_074254-768x576.jpg 768w, https:\/\/www.nnteam.de\/wp-content\/uploads\/kochen\/IMG_20201129_074254-1536x1152.jpg 1536w, https:\/\/www.nnteam.de\/wp-content\/uploads\/kochen\/IMG_20201129_074254-2048x1536.jpg 2048w, https:\/\/www.nnteam.de\/wp-content\/uploads\/kochen\/IMG_20201129_074254-1200x900.jpg 1200w, https:\/\/www.nnteam.de\/wp-content\/uploads\/kochen\/IMG_20201129_074254-1980x1485.jpg 1980w\" sizes=\"auto, (max-width: 1024px) 100vw, 1024px\" \/><\/figure>\n<\/figure>\n\n\n\n<p class=\"wp-block-paragraph\">Die Idlis sind fertig. Ich hole die Sch\u00fcsselchen mit einem Topflappen aus dem Dampfgarer und nehme sie mit einem L\u00f6ffel aus den Sch\u00fcsselchen.<\/p>\n\n\n\n<figure class=\"wp-block-gallery has-nested-images columns-default is-cropped wp-block-gallery-5 is-layout-flex wp-block-gallery-is-layout-flex\">\n<figure class=\"wp-block-image size-large\"><img loading=\"lazy\" decoding=\"async\" width=\"768\" height=\"1024\" data-id=\"510\" src=\"https:\/\/www.nnteam.de\/wp-content\/uploads\/kochen\/IMG_20201129_074309-768x1024.jpg\" alt=\"\" class=\"wp-image-510\" srcset=\"https:\/\/www.nnteam.de\/wp-content\/uploads\/kochen\/IMG_20201129_074309-768x1024.jpg 768w, https:\/\/www.nnteam.de\/wp-content\/uploads\/kochen\/IMG_20201129_074309-225x300.jpg 225w, https:\/\/www.nnteam.de\/wp-content\/uploads\/kochen\/IMG_20201129_074309-1152x1536.jpg 1152w, https:\/\/www.nnteam.de\/wp-content\/uploads\/kochen\/IMG_20201129_074309-1536x2048.jpg 1536w, https:\/\/www.nnteam.de\/wp-content\/uploads\/kochen\/IMG_20201129_074309-1200x1600.jpg 1200w, https:\/\/www.nnteam.de\/wp-content\/uploads\/kochen\/IMG_20201129_074309-1980x2640.jpg 1980w, https:\/\/www.nnteam.de\/wp-content\/uploads\/kochen\/IMG_20201129_074309-scaled.jpg 1920w\" sizes=\"auto, (max-width: 768px) 100vw, 768px\" \/><\/figure>\n<\/figure>\n\n\n\n<h5 class=\"wp-block-heading\">Super fluffige Idlis!<\/h5>\n\n\n\n<figure class=\"wp-block-gallery has-nested-images columns-default is-cropped wp-block-gallery-6 is-layout-flex wp-block-gallery-is-layout-flex\">\n<figure class=\"wp-block-image size-large\"><img loading=\"lazy\" decoding=\"async\" width=\"768\" height=\"1024\" data-id=\"511\" src=\"https:\/\/www.nnteam.de\/wp-content\/uploads\/kochen\/IMG_20201129_074444-768x1024.jpg\" alt=\"\" class=\"wp-image-511\" srcset=\"https:\/\/www.nnteam.de\/wp-content\/uploads\/kochen\/IMG_20201129_074444-768x1024.jpg 768w, https:\/\/www.nnteam.de\/wp-content\/uploads\/kochen\/IMG_20201129_074444-225x300.jpg 225w, https:\/\/www.nnteam.de\/wp-content\/uploads\/kochen\/IMG_20201129_074444-1152x1536.jpg 1152w, https:\/\/www.nnteam.de\/wp-content\/uploads\/kochen\/IMG_20201129_074444-1536x2048.jpg 1536w, https:\/\/www.nnteam.de\/wp-content\/uploads\/kochen\/IMG_20201129_074444-1200x1600.jpg 1200w, https:\/\/www.nnteam.de\/wp-content\/uploads\/kochen\/IMG_20201129_074444-1980x2640.jpg 1980w, https:\/\/www.nnteam.de\/wp-content\/uploads\/kochen\/IMG_20201129_074444-scaled.jpg 1920w\" sizes=\"auto, (max-width: 768px) 100vw, 768px\" \/><\/figure>\n<\/figure>\n\n\n\n<h4 class=\"wp-block-heading\">Und was gibt es zu den Idlis dazu?<\/h4>\n\n\n\n<p class=\"wp-block-paragraph\">Ein Erdnuss-<a rel=\"noreferrer noopener\" href=\"https:\/\/de.wikipedia.org\/wiki\/Chutney\" target=\"_blank\">Chutney<\/a> oder Kokosnuss-<a rel=\"noreferrer noopener\" href=\"https:\/\/de.wikipedia.org\/wiki\/Chutney\" target=\"_blank\">Chutney<\/a> und ein <a rel=\"noreferrer noopener\" href=\"https:\/\/de.wikipedia.org\/wiki\/Sambar_(Gericht)\" target=\"_blank\">Sambar<\/a> (Rezept weiter unten) ist bei unseren <a rel=\"noreferrer noopener\" href=\"https:\/\/randi-ev.de\/\" target=\"_blank\">Freunden in Indien<\/a> die \u00fcbliche Beilage. <a rel=\"noreferrer noopener\" href=\"https:\/\/www.cardsinternational.org\/\" target=\"_blank\">CARDS<\/a> und das <a rel=\"noreferrer noopener\" href=\"http:\/\/www.cgcindia.org\/index.html\" target=\"_blank\">Child-Guidance-Center<\/a> (Guntur und Hyderabad) befinden sich in S\u00fcdindien und dort isst man scharf!<\/p>\n\n\n\n<p class=\"wp-block-paragraph\">Heute gibt es nur ein einfaches Erdnuss-Chutney.<\/p>\n\n\n\n<figure class=\"wp-block-gallery has-nested-images columns-default is-cropped wp-block-gallery-7 is-layout-flex wp-block-gallery-is-layout-flex\">\n<figure class=\"wp-block-image size-large\"><img loading=\"lazy\" decoding=\"async\" width=\"1024\" height=\"768\" data-id=\"514\" src=\"https:\/\/www.nnteam.de\/wp-content\/uploads\/kochen\/IMG_20201129_083523-1024x768.jpg\" alt=\"\" class=\"wp-image-514\" srcset=\"https:\/\/www.nnteam.de\/wp-content\/uploads\/kochen\/IMG_20201129_083523-1024x768.jpg 1024w, https:\/\/www.nnteam.de\/wp-content\/uploads\/kochen\/IMG_20201129_083523-300x225.jpg 300w, https:\/\/www.nnteam.de\/wp-content\/uploads\/kochen\/IMG_20201129_083523-768x576.jpg 768w, https:\/\/www.nnteam.de\/wp-content\/uploads\/kochen\/IMG_20201129_083523-1536x1152.jpg 1536w, https:\/\/www.nnteam.de\/wp-content\/uploads\/kochen\/IMG_20201129_083523-2048x1536.jpg 2048w, https:\/\/www.nnteam.de\/wp-content\/uploads\/kochen\/IMG_20201129_083523-1200x900.jpg 1200w, https:\/\/www.nnteam.de\/wp-content\/uploads\/kochen\/IMG_20201129_083523-1980x1485.jpg 1980w\" sizes=\"auto, (max-width: 1024px) 100vw, 1024px\" \/><\/figure>\n<\/figure>\n\n\n\n<p class=\"wp-block-paragraph\">Heute mach&#8216; ich es mir einfach. 2 oder 3 Essl\u00f6ffel Erdn\u00fcsse, trocken ger\u00f6stet, gesalzen und gepfeffert, eine scharfe Paprika und etwas Kokosraspel zusammen mit ca 200 ml Wasser in den Mixer. Noch etwas Bockshornklee-Samen, Senfk\u00f6rner und (getrocknete) Currybl\u00e4tter. Hier gibt es sch\u00f6ne <a rel=\"noreferrer noopener\" href=\"https:\/\/www.padhuskitchen.com\/2013\/12\/easy-chutney-recipes-15-chutney.html\" target=\"_blank\">Chutney-Rezepte<\/a>. Nat\u00fcrlich kann man zu den Idlis essen was man will auch Marmelade, oder einfach Butter geht auch.<\/p>\n\n\n\n<h5 class=\"wp-block-heading\">Sambar ist einfach herzustellen (mit einer fertigen Gew\u00fcrzmischung)<\/h5>\n\n\n\n<p class=\"wp-block-paragraph\">Von der Dame im Asia-Shop in \u00d6stringen habe ich ja schon erz\u00e4hlt. Sie hat mir eine <a rel=\"noreferrer noopener\" href=\"https:\/\/shop.mtrfoods.com\/mixes-mtr-sambar-mix-180-grams.html\" target=\"_blank\">Sambar-Pulver Mischung<\/a> empfohlen, die ich auch gleich ausprobiert habe. Es hat super geschmeckt, wie in Indien! Das Rezept ist einfach: Man nimmt (beispielsweise) 6 Espressot\u00e4sschen Wasser und ein Esspressot\u00e4sschen Pulver und kocht das kurz auf. Dann gibt man (wenig) vorgekochtes, klein geschnittenes Gem\u00fcse nach Wahl dazu und kocht ca. 5 bis 6 Minuten. Die Konsistenz gleicht einer Suppe mit wenig Gem\u00fcse drin, wie auf dem Bild ganz oben. Man kann nat\u00fcrlich das Sambar-Pulver auch <a rel=\"noreferrer noopener\" href=\"https:\/\/www.padhuskitchen.com\/2009\/08\/recipe-for-sambar-powder-and-rasam.html\" target=\"_blank\">selbst herstellen<\/a>.<\/p>\n\n\n\n<p class=\"wp-block-paragraph\">Das Gem\u00fcse f\u00fcr das Sambar bereite ich am liebsten in meinem Dampfgarer zu. Ich verwende, was gerade da ist: M\u00f6hren, Zwiebeln, Kartoffeln, Bohnen, K\u00fcrbis, Auberginen, &#8230;kohl &#8230; . Und hier noch ein <a rel=\"noreferrer noopener\" href=\"https:\/\/www.padhuskitchen.com\/2012\/06\/sambar-recipe-mixed-vegetable-sambar.html\" target=\"_blank\">Sambar-Rezept<\/a>. Interessant und f\u00fcr mich au\u00dfergew\u00f6hnlich ist die Art wie man in Indien sein Gericht perfektioniert:<\/p>\n\n\n\n<h5 class=\"wp-block-heading\">For the seasoning<\/h5>\n\n\n\n<p class=\"wp-block-paragraph\">hei\u00dft es da in den Rezepten:<br>Senfsamen (Mustard)<br>Bockshornhklee-Samen (Fenugreek)<br>halbierte Linsen (Urid Dal)<br>Curry-Bl\u00e4tter<br>evtl. weitere Zutaten wie &#8218;Hing&#8216;, (Asant, Asafoetida, Stinkasant)<br>Einen Teel\u00f6ffel \u00d6l erhitzen, Senfsamen dazugeben, erhitzen bis sie zu springen anfangen, dann Urad Dal hinzugeben und goldbraun r\u00f6sten. Kurz die Currybl\u00e4tter dazu und alles \u00fcber das Gericht gie\u00dfen.<\/p>\n\n\n\n<h6 class=\"wp-block-heading\">Die Zutaten f\u00fcr Idli, Sambar, Erdnuss- und Kokos-Chutney gibt&#8217;s im Asia-Laden deines Vertrauens oder im Internet.<\/h6>\n\n\n\n<p class=\"wp-block-paragraph\">Meine Zutaten:<br>Idli-Reis (manche empfehlen parboiled Reis)<br>Urid Dal Linsen<br>Sambar Powder<br>Rasam Powder<br><\/p>\n\n\n\n<p class=\"wp-block-paragraph\"><\/p>\n\n\n\n<h6 class=\"wp-block-heading\">Quellen und weiterf\u00fchrende Links<\/h6>\n\n\n\n<p class=\"wp-block-paragraph\"><a rel=\"noreferrer noopener\" href=\"https:\/\/www.spektrum.de\/news\/fermentieren-fuer-die-darmgesundheit\/1796621?utm_medium=newsletter&amp;utm_source=sdw-nl&amp;utm_campaign=sdw-nl-daily&amp;utm_content=heute\" target=\"_blank\">9000 Jahre Training f\u00fcrs Immunsystem<\/a> &#8211; Fermentierte Lebensmittel<br>Artikel bei &#8218;Spektrum&#8216;<br><a rel=\"noreferrer noopener\" href=\"https:\/\/en.wikipedia.org\/wiki\/Idli\" target=\"_blank\">Idli bei Wikipedia<\/a> (engl.)<br><a rel=\"noreferrer noopener\" href=\"https:\/\/en.wikipedia.org\/wiki\/Idli#Batter_fermentation_mechanism\" target=\"_blank\">Fermentations-Mechanismus<\/a> (Wikipedia &#8211; engl.) Die Namen der Bakterien will man nicht so genau wissen \ud83d\ude09<br><a rel=\"noreferrer noopener\" href=\"https:\/\/www.padhuskitchen.com\/\" target=\"_blank\">Padhus Kitchen<\/a> &#8211; indisch kochen &#8230;.<\/p>\n\n\n\n<p class=\"wp-block-paragraph\"><\/p>\n","protected":false},"excerpt":{"rendered":"<p>Heute kochen wir Idli \ud83d\ude42 Idli &#8211; das sind ged\u00e4mpfte Reis\/Linsenk\u00fcchlein, die es in S\u00fcdindien mit scharfen So\u00dfen zum Fr\u00fchst\u00fcck gibt. Bei unseren Besuchen bei CARDS in Guntur und im Child Guidance Center in Hyderabad werden wir mit Idlis verw\u00f6hnt. Ich liebe Idli \ud83d\ude42<\/p>\n","protected":false},"author":1,"featured_media":308,"comment_status":"closed","ping_status":"open","sticky":false,"template":"","format":"standard","meta":{"footnotes":""},"categories":[8],"tags":[],"class_list":["post-3808","post","type-post","status-publish","format-standard","has-post-thumbnail","hentry","category-rainers-blog"],"_links":{"self":[{"href":"https:\/\/www.nnteam.de\/index.php?rest_route=\/wp\/v2\/posts\/3808","targetHints":{"allow":["GET"]}}],"collection":[{"href":"https:\/\/www.nnteam.de\/index.php?rest_route=\/wp\/v2\/posts"}],"about":[{"href":"https:\/\/www.nnteam.de\/index.php?rest_route=\/wp\/v2\/types\/post"}],"author":[{"embeddable":true,"href":"https:\/\/www.nnteam.de\/index.php?rest_route=\/wp\/v2\/users\/1"}],"replies":[{"embeddable":true,"href":"https:\/\/www.nnteam.de\/index.php?rest_route=%2Fwp%2Fv2%2Fcomments&post=3808"}],"version-history":[{"count":3,"href":"https:\/\/www.nnteam.de\/index.php?rest_route=\/wp\/v2\/posts\/3808\/revisions"}],"predecessor-version":[{"id":3879,"href":"https:\/\/www.nnteam.de\/index.php?rest_route=\/wp\/v2\/posts\/3808\/revisions\/3879"}],"wp:featuredmedia":[{"embeddable":true,"href":"https:\/\/www.nnteam.de\/index.php?rest_route=\/wp\/v2\/media\/308"}],"wp:attachment":[{"href":"https:\/\/www.nnteam.de\/index.php?rest_route=%2Fwp%2Fv2%2Fmedia&parent=3808"}],"wp:term":[{"taxonomy":"category","embeddable":true,"href":"https:\/\/www.nnteam.de\/index.php?rest_route=%2Fwp%2Fv2%2Fcategories&post=3808"},{"taxonomy":"post_tag","embeddable":true,"href":"https:\/\/www.nnteam.de\/index.php?rest_route=%2Fwp%2Fv2%2Ftags&post=3808"}],"curies":[{"name":"wp","href":"https:\/\/api.w.org\/{rel}","templated":true}]}}